{"id":893,"date":"2022-02-10T05:04:50","date_gmt":"2022-02-10T04:04:50","guid":{"rendered":"https:\/\/fondation-os.fr\/os-ouest\/APIV\/?p=893"},"modified":"2022-12-01T17:19:40","modified_gmt":"2022-12-01T16:19:40","slug":"latelier-culture-et-loisirs-aide-a-la-lutte-contre-parkinson","status":"publish","type":"post","link":"https:\/\/fondation-os.fr\/os-ouest\/APIV\/latelier-culture-et-loisirs-aide-a-la-lutte-contre-parkinson\/","title":{"rendered":"L\u2019Atelier culture et loisirs aide \u00e0 la lutte contre Parkinson"},"content":{"rendered":"","protected":false},"excerpt":{"rendered":"<p>L\u2019Atelier culture et loisirs est une association de b\u00e9n\u00e9voles qui existe depuis plus de quarante\u00a0ans. Elle propose des cours de loisirs cr\u00e9atifs ponctuels ou \u00e0 l\u2019ann\u00e9e (mosa\u00efque, d\u00e9coration de chaises, peinture, patchwork, art floral,\u00a0etc.).<br \/>\n[&#8230;]<br \/>\nCette ann\u00e9e, les adh\u00e9rents ont d\u00e9cid\u00e9 de soutenir l\u2019Association des parkinsoniens d\u2019Ille-et-Vilaine (APIV).<br \/>\n\u00a0\u00bb\u00a0Je tiens \u00e0 vous remercier pour votre soutien\u00a0\u00ab\u00a0, \u200ba indiqu\u00e9 le pr\u00e9sident, Yves Boccou, en recevant jeudi dernier, un ch\u00e8que de 1\u00a0000\u00a0\u20ac.<\/p>\n","protected":false},"author":1,"featured_media":894,"comment_status":"closed","ping_status":"open","sticky":false,"template":"","format":"standard","meta":{"_acf_changed":false,"_et_pb_use_builder":"on","_et_pb_old_content":"","_et_gb_content_width":"","footnotes":""},"categories":[6],"tags":[12,13],"post_folder":[16],"class_list":["post-893","post","type-post","status-publish","format-standard","has-post-thumbnail","hentry","category-revue-de-presse","tag-ouest-france","tag-vern-sur-seiche"],"acf":[],"yoast_head":"<!-- This site is optimized with the Yoast SEO plugin v27.4 - https:\/\/yoast.com\/product\/yoast-seo-wordpress\/ -->\n<title>L\u2019Atelier culture et loisirs aide \u00e0 la lutte contre Parkinson - Graine de Courage, Sourire pour Parkinson<\/title>\n<meta name=\"robots\" content=\"index, follow, max-snippet:-1, max-image-preview:large, max-video-preview:-1\" \/>\n<link rel=\"canonical\" href=\"https:\/\/fondation-os.fr\/os-ouest\/APIV\/latelier-culture-et-loisirs-aide-a-la-lutte-contre-parkinson\/\" \/>\n<meta property=\"og:locale\" content=\"fr_FR\" \/>\n<meta property=\"og:type\" content=\"article\" \/>\n<meta property=\"og:title\" content=\"L\u2019Atelier culture et loisirs aide \u00e0 la lutte contre Parkinson - Graine de Courage, Sourire pour Parkinson\" \/>\n<meta property=\"og:description\" content=\"L\u2019Atelier culture et loisirs est une association de b\u00e9n\u00e9voles qui existe depuis plus de quarante\u00a0ans. Elle propose des cours de loisirs cr\u00e9atifs ponctuels ou \u00e0 l\u2019ann\u00e9e (mosa\u00efque, d\u00e9coration de chaises, peinture, patchwork, art floral,\u00a0etc.). [...] Cette ann\u00e9e, les adh\u00e9rents ont d\u00e9cid\u00e9 de soutenir l\u2019Association des parkinsoniens d\u2019Ille-et-Vilaine (APIV). &quot;\u00a0Je tiens \u00e0 vous remercier pour votre soutien\u00a0&quot;, \u200ba indiqu\u00e9 le pr\u00e9sident, Yves Boccou, en recevant jeudi dernier, un ch\u00e8que de 1\u00a0000\u00a0\u20ac.\" \/>\n<meta property=\"og:url\" content=\"https:\/\/fondation-os.fr\/os-ouest\/APIV\/latelier-culture-et-loisirs-aide-a-la-lutte-contre-parkinson\/\" \/>\n<meta property=\"og:site_name\" content=\"Graine de Courage, Sourire pour Parkinson\" \/>\n<meta property=\"article:published_time\" content=\"2022-02-10T04:04:50+00:00\" \/>\n<meta property=\"article:modified_time\" content=\"2022-12-01T16:19:40+00:00\" \/>\n<meta property=\"og:image\" content=\"https:\/\/fondation-os.fr\/os-ouest\/APIV\/wp-content\/uploads\/2022\/12\/Atelier-Culture-et-Loisirs.png\" \/>\n\t<meta property=\"og:image:width\" content=\"940\" \/>\n\t<meta property=\"og:image:height\" content=\"679\" \/>\n\t<meta property=\"og:image:type\" content=\"image\/png\" \/>\n<meta name=\"author\" content=\"APIV\" \/>\n<meta name=\"twitter:card\" content=\"summary_large_image\" \/>\n<meta name=\"twitter:label1\" content=\"\u00c9crit par\" \/>\n\t<meta name=\"twitter:data1\" content=\"APIV\" \/>\n<script type=\"application\/ld+json\" class=\"yoast-schema-graph\">{\"@context\":\"https:\\\/\\\/schema.org\",\"@graph\":[{\"@type\":\"Article\",\"@id\":\"https:\\\/\\\/fondation-os.fr\\\/os-ouest\\\/APIV\\\/latelier-culture-et-loisirs-aide-a-la-lutte-contre-parkinson\\\/#article\",\"isPartOf\":{\"@id\":\"https:\\\/\\\/fondation-os.fr\\\/os-ouest\\\/APIV\\\/latelier-culture-et-loisirs-aide-a-la-lutte-contre-parkinson\\\/\"},\"author\":{\"name\":\"APIV\",\"@id\":\"https:\\\/\\\/fondation-os.fr\\\/os-ouest\\\/APIV\\\/#\\\/schema\\\/person\\\/0c07cc07bafba524df6dd8661cbdd578\"},\"headline\":\"L\u2019Atelier culture et loisirs aide \u00e0 la lutte contre Parkinson\",\"datePublished\":\"2022-02-10T04:04:50+00:00\",\"dateModified\":\"2022-12-01T16:19:40+00:00\",\"mainEntityOfPage\":{\"@id\":\"https:\\\/\\\/fondation-os.fr\\\/os-ouest\\\/APIV\\\/latelier-culture-et-loisirs-aide-a-la-lutte-contre-parkinson\\\/\"},\"wordCount\":10,\"publisher\":{\"@id\":\"https:\\\/\\\/fondation-os.fr\\\/os-ouest\\\/APIV\\\/#organization\"},\"image\":{\"@id\":\"https:\\\/\\\/fondation-os.fr\\\/os-ouest\\\/APIV\\\/latelier-culture-et-loisirs-aide-a-la-lutte-contre-parkinson\\\/#primaryimage\"},\"thumbnailUrl\":\"https:\\\/\\\/fondation-os.fr\\\/os-ouest\\\/APIV\\\/wp-content\\\/uploads\\\/2022\\\/12\\\/Atelier-Culture-et-Loisirs.png\",\"keywords\":[\"Ouest-France\",\"Vern-sur-Seiche\"],\"articleSection\":[\"Revue de presse\"],\"inLanguage\":\"fr-FR\"},{\"@type\":\"WebPage\",\"@id\":\"https:\\\/\\\/fondation-os.fr\\\/os-ouest\\\/APIV\\\/latelier-culture-et-loisirs-aide-a-la-lutte-contre-parkinson\\\/\",\"url\":\"https:\\\/\\\/fondation-os.fr\\\/os-ouest\\\/APIV\\\/latelier-culture-et-loisirs-aide-a-la-lutte-contre-parkinson\\\/\",\"name\":\"L\u2019Atelier culture et loisirs aide \u00e0 la lutte contre Parkinson - Graine de Courage, Sourire pour Parkinson\",\"isPartOf\":{\"@id\":\"https:\\\/\\\/fondation-os.fr\\\/os-ouest\\\/APIV\\\/#website\"},\"primaryImageOfPage\":{\"@id\":\"https:\\\/\\\/fondation-os.fr\\\/os-ouest\\\/APIV\\\/latelier-culture-et-loisirs-aide-a-la-lutte-contre-parkinson\\\/#primaryimage\"},\"image\":{\"@id\":\"https:\\\/\\\/fondation-os.fr\\\/os-ouest\\\/APIV\\\/latelier-culture-et-loisirs-aide-a-la-lutte-contre-parkinson\\\/#primaryimage\"},\"thumbnailUrl\":\"https:\\\/\\\/fondation-os.fr\\\/os-ouest\\\/APIV\\\/wp-content\\\/uploads\\\/2022\\\/12\\\/Atelier-Culture-et-Loisirs.png\",\"datePublished\":\"2022-02-10T04:04:50+00:00\",\"dateModified\":\"2022-12-01T16:19:40+00:00\",\"breadcrumb\":{\"@id\":\"https:\\\/\\\/fondation-os.fr\\\/os-ouest\\\/APIV\\\/latelier-culture-et-loisirs-aide-a-la-lutte-contre-parkinson\\\/#breadcrumb\"},\"inLanguage\":\"fr-FR\",\"potentialAction\":[{\"@type\":\"ReadAction\",\"target\":[\"https:\\\/\\\/fondation-os.fr\\\/os-ouest\\\/APIV\\\/latelier-culture-et-loisirs-aide-a-la-lutte-contre-parkinson\\\/\"]}]},{\"@type\":\"ImageObject\",\"inLanguage\":\"fr-FR\",\"@id\":\"https:\\\/\\\/fondation-os.fr\\\/os-ouest\\\/APIV\\\/latelier-culture-et-loisirs-aide-a-la-lutte-contre-parkinson\\\/#primaryimage\",\"url\":\"https:\\\/\\\/fondation-os.fr\\\/os-ouest\\\/APIV\\\/wp-content\\\/uploads\\\/2022\\\/12\\\/Atelier-Culture-et-Loisirs.png\",\"contentUrl\":\"https:\\\/\\\/fondation-os.fr\\\/os-ouest\\\/APIV\\\/wp-content\\\/uploads\\\/2022\\\/12\\\/Atelier-Culture-et-Loisirs.png\",\"width\":940,\"height\":679},{\"@type\":\"BreadcrumbList\",\"@id\":\"https:\\\/\\\/fondation-os.fr\\\/os-ouest\\\/APIV\\\/latelier-culture-et-loisirs-aide-a-la-lutte-contre-parkinson\\\/#breadcrumb\",\"itemListElement\":[{\"@type\":\"ListItem\",\"position\":1,\"name\":\"Accueil\",\"item\":\"https:\\\/\\\/fondation-os.fr\\\/os-ouest\\\/APIV\\\/\"},{\"@type\":\"ListItem\",\"position\":2,\"name\":\"L\u2019Atelier culture et loisirs aide \u00e0 la lutte contre Parkinson\"}]},{\"@type\":\"WebSite\",\"@id\":\"https:\\\/\\\/fondation-os.fr\\\/os-ouest\\\/APIV\\\/#website\",\"url\":\"https:\\\/\\\/fondation-os.fr\\\/os-ouest\\\/APIV\\\/\",\"name\":\"Graine de Courage, Sourire pour Parkinson\",\"description\":\"Graine de Courage, Sourire pour Parkinson\",\"publisher\":{\"@id\":\"https:\\\/\\\/fondation-os.fr\\\/os-ouest\\\/APIV\\\/#organization\"},\"potentialAction\":[{\"@type\":\"SearchAction\",\"target\":{\"@type\":\"EntryPoint\",\"urlTemplate\":\"https:\\\/\\\/fondation-os.fr\\\/os-ouest\\\/APIV\\\/?s={search_term_string}\"},\"query-input\":{\"@type\":\"PropertyValueSpecification\",\"valueRequired\":true,\"valueName\":\"search_term_string\"}}],\"inLanguage\":\"fr-FR\"},{\"@type\":\"Organization\",\"@id\":\"https:\\\/\\\/fondation-os.fr\\\/os-ouest\\\/APIV\\\/#organization\",\"name\":\"Graine de Courage, Sourire pour Parkinson\",\"url\":\"https:\\\/\\\/fondation-os.fr\\\/os-ouest\\\/APIV\\\/\",\"logo\":{\"@type\":\"ImageObject\",\"inLanguage\":\"fr-FR\",\"@id\":\"https:\\\/\\\/fondation-os.fr\\\/os-ouest\\\/APIV\\\/#\\\/schema\\\/logo\\\/image\\\/\",\"url\":\"https:\\\/\\\/fondation-os.fr\\\/os-ouest\\\/APIV\\\/wp-content\\\/uploads\\\/2022\\\/11\\\/Logo_APIV_Carre.png\",\"contentUrl\":\"https:\\\/\\\/fondation-os.fr\\\/os-ouest\\\/APIV\\\/wp-content\\\/uploads\\\/2022\\\/11\\\/Logo_APIV_Carre.png\",\"width\":285,\"height\":287,\"caption\":\"Graine de Courage, Sourire pour Parkinson\"},\"image\":{\"@id\":\"https:\\\/\\\/fondation-os.fr\\\/os-ouest\\\/APIV\\\/#\\\/schema\\\/logo\\\/image\\\/\"}},{\"@type\":\"Person\",\"@id\":\"https:\\\/\\\/fondation-os.fr\\\/os-ouest\\\/APIV\\\/#\\\/schema\\\/person\\\/0c07cc07bafba524df6dd8661cbdd578\",\"name\":\"APIV\",\"image\":{\"@type\":\"ImageObject\",\"inLanguage\":\"fr-FR\",\"@id\":\"https:\\\/\\\/secure.gravatar.com\\\/avatar\\\/4a87a97e5b9a9bf3990cbbb28b0ef1578db6427bea1f4ab6f6f3dd4a90ab371c?s=96&d=mm&r=g\",\"url\":\"https:\\\/\\\/secure.gravatar.com\\\/avatar\\\/4a87a97e5b9a9bf3990cbbb28b0ef1578db6427bea1f4ab6f6f3dd4a90ab371c?s=96&d=mm&r=g\",\"contentUrl\":\"https:\\\/\\\/secure.gravatar.com\\\/avatar\\\/4a87a97e5b9a9bf3990cbbb28b0ef1578db6427bea1f4ab6f6f3dd4a90ab371c?s=96&d=mm&r=g\",\"caption\":\"APIV\"},\"sameAs\":[\"https:\\\/\\\/fondation-os.fr\\\/os-ouest\\\/APIV\"],\"url\":\"https:\\\/\\\/fondation-os.fr\\\/os-ouest\\\/APIV\\\/author\\\/apiv\\\/\"}]}<\/script>\n<!-- \/ Yoast SEO plugin. -->","yoast_head_json":{"title":"L\u2019Atelier culture et loisirs aide \u00e0 la lutte contre Parkinson - Graine de Courage, Sourire pour Parkinson","robots":{"index":"index","follow":"follow","max-snippet":"max-snippet:-1","max-image-preview":"max-image-preview:large","max-video-preview":"max-video-preview:-1"},"canonical":"https:\/\/fondation-os.fr\/os-ouest\/APIV\/latelier-culture-et-loisirs-aide-a-la-lutte-contre-parkinson\/","og_locale":"fr_FR","og_type":"article","og_title":"L\u2019Atelier culture et loisirs aide \u00e0 la lutte contre Parkinson - Graine de Courage, Sourire pour Parkinson","og_description":"L\u2019Atelier culture et loisirs est une association de b\u00e9n\u00e9voles qui existe depuis plus de quarante\u00a0ans. Elle propose des cours de loisirs cr\u00e9atifs ponctuels ou \u00e0 l\u2019ann\u00e9e (mosa\u00efque, d\u00e9coration de chaises, peinture, patchwork, art floral,\u00a0etc.). [...] Cette ann\u00e9e, les adh\u00e9rents ont d\u00e9cid\u00e9 de soutenir l\u2019Association des parkinsoniens d\u2019Ille-et-Vilaine (APIV). \"\u00a0Je tiens \u00e0 vous remercier pour votre soutien\u00a0\", \u200ba indiqu\u00e9 le pr\u00e9sident, Yves Boccou, en recevant jeudi dernier, un ch\u00e8que de 1\u00a0000\u00a0\u20ac.","og_url":"https:\/\/fondation-os.fr\/os-ouest\/APIV\/latelier-culture-et-loisirs-aide-a-la-lutte-contre-parkinson\/","og_site_name":"Graine de Courage, Sourire pour Parkinson","article_published_time":"2022-02-10T04:04:50+00:00","article_modified_time":"2022-12-01T16:19:40+00:00","og_image":[{"width":940,"height":679,"url":"https:\/\/fondation-os.fr\/os-ouest\/APIV\/wp-content\/uploads\/2022\/12\/Atelier-Culture-et-Loisirs.png","type":"image\/png"}],"author":"APIV","twitter_card":"summary_large_image","twitter_misc":{"\u00c9crit par":"APIV"},"schema":{"@context":"https:\/\/schema.org","@graph":[{"@type":"Article","@id":"https:\/\/fondation-os.fr\/os-ouest\/APIV\/latelier-culture-et-loisirs-aide-a-la-lutte-contre-parkinson\/#article","isPartOf":{"@id":"https:\/\/fondation-os.fr\/os-ouest\/APIV\/latelier-culture-et-loisirs-aide-a-la-lutte-contre-parkinson\/"},"author":{"name":"APIV","@id":"https:\/\/fondation-os.fr\/os-ouest\/APIV\/#\/schema\/person\/0c07cc07bafba524df6dd8661cbdd578"},"headline":"L\u2019Atelier culture et loisirs aide \u00e0 la lutte contre Parkinson","datePublished":"2022-02-10T04:04:50+00:00","dateModified":"2022-12-01T16:19:40+00:00","mainEntityOfPage":{"@id":"https:\/\/fondation-os.fr\/os-ouest\/APIV\/latelier-culture-et-loisirs-aide-a-la-lutte-contre-parkinson\/"},"wordCount":10,"publisher":{"@id":"https:\/\/fondation-os.fr\/os-ouest\/APIV\/#organization"},"image":{"@id":"https:\/\/fondation-os.fr\/os-ouest\/APIV\/latelier-culture-et-loisirs-aide-a-la-lutte-contre-parkinson\/#primaryimage"},"thumbnailUrl":"https:\/\/fondation-os.fr\/os-ouest\/APIV\/wp-content\/uploads\/2022\/12\/Atelier-Culture-et-Loisirs.png","keywords":["Ouest-France","Vern-sur-Seiche"],"articleSection":["Revue de presse"],"inLanguage":"fr-FR"},{"@type":"WebPage","@id":"https:\/\/fondation-os.fr\/os-ouest\/APIV\/latelier-culture-et-loisirs-aide-a-la-lutte-contre-parkinson\/","url":"https:\/\/fondation-os.fr\/os-ouest\/APIV\/latelier-culture-et-loisirs-aide-a-la-lutte-contre-parkinson\/","name":"L\u2019Atelier culture et loisirs aide \u00e0 la lutte contre Parkinson - Graine de Courage, Sourire pour Parkinson","isPartOf":{"@id":"https:\/\/fondation-os.fr\/os-ouest\/APIV\/#website"},"primaryImageOfPage":{"@id":"https:\/\/fondation-os.fr\/os-ouest\/APIV\/latelier-culture-et-loisirs-aide-a-la-lutte-contre-parkinson\/#primaryimage"},"image":{"@id":"https:\/\/fondation-os.fr\/os-ouest\/APIV\/latelier-culture-et-loisirs-aide-a-la-lutte-contre-parkinson\/#primaryimage"},"thumbnailUrl":"https:\/\/fondation-os.fr\/os-ouest\/APIV\/wp-content\/uploads\/2022\/12\/Atelier-Culture-et-Loisirs.png","datePublished":"2022-02-10T04:04:50+00:00","dateModified":"2022-12-01T16:19:40+00:00","breadcrumb":{"@id":"https:\/\/fondation-os.fr\/os-ouest\/APIV\/latelier-culture-et-loisirs-aide-a-la-lutte-contre-parkinson\/#breadcrumb"},"inLanguage":"fr-FR","potentialAction":[{"@type":"ReadAction","target":["https:\/\/fondation-os.fr\/os-ouest\/APIV\/latelier-culture-et-loisirs-aide-a-la-lutte-contre-parkinson\/"]}]},{"@type":"ImageObject","inLanguage":"fr-FR","@id":"https:\/\/fondation-os.fr\/os-ouest\/APIV\/latelier-culture-et-loisirs-aide-a-la-lutte-contre-parkinson\/#primaryimage","url":"https:\/\/fondation-os.fr\/os-ouest\/APIV\/wp-content\/uploads\/2022\/12\/Atelier-Culture-et-Loisirs.png","contentUrl":"https:\/\/fondation-os.fr\/os-ouest\/APIV\/wp-content\/uploads\/2022\/12\/Atelier-Culture-et-Loisirs.png","width":940,"height":679},{"@type":"BreadcrumbList","@id":"https:\/\/fondation-os.fr\/os-ouest\/APIV\/latelier-culture-et-loisirs-aide-a-la-lutte-contre-parkinson\/#breadcrumb","itemListElement":[{"@type":"ListItem","position":1,"name":"Accueil","item":"https:\/\/fondation-os.fr\/os-ouest\/APIV\/"},{"@type":"ListItem","position":2,"name":"L\u2019Atelier culture et loisirs aide \u00e0 la lutte contre Parkinson"}]},{"@type":"WebSite","@id":"https:\/\/fondation-os.fr\/os-ouest\/APIV\/#website","url":"https:\/\/fondation-os.fr\/os-ouest\/APIV\/","name":"Graine de Courage, Sourire pour Parkinson","description":"Graine de Courage, Sourire pour Parkinson","publisher":{"@id":"https:\/\/fondation-os.fr\/os-ouest\/APIV\/#organization"},"potentialAction":[{"@type":"SearchAction","target":{"@type":"EntryPoint","urlTemplate":"https:\/\/fondation-os.fr\/os-ouest\/APIV\/?s={search_term_string}"},"query-input":{"@type":"PropertyValueSpecification","valueRequired":true,"valueName":"search_term_string"}}],"inLanguage":"fr-FR"},{"@type":"Organization","@id":"https:\/\/fondation-os.fr\/os-ouest\/APIV\/#organization","name":"Graine de Courage, Sourire pour Parkinson","url":"https:\/\/fondation-os.fr\/os-ouest\/APIV\/","logo":{"@type":"ImageObject","inLanguage":"fr-FR","@id":"https:\/\/fondation-os.fr\/os-ouest\/APIV\/#\/schema\/logo\/image\/","url":"https:\/\/fondation-os.fr\/os-ouest\/APIV\/wp-content\/uploads\/2022\/11\/Logo_APIV_Carre.png","contentUrl":"https:\/\/fondation-os.fr\/os-ouest\/APIV\/wp-content\/uploads\/2022\/11\/Logo_APIV_Carre.png","width":285,"height":287,"caption":"Graine de Courage, Sourire pour Parkinson"},"image":{"@id":"https:\/\/fondation-os.fr\/os-ouest\/APIV\/#\/schema\/logo\/image\/"}},{"@type":"Person","@id":"https:\/\/fondation-os.fr\/os-ouest\/APIV\/#\/schema\/person\/0c07cc07bafba524df6dd8661cbdd578","name":"APIV","image":{"@type":"ImageObject","inLanguage":"fr-FR","@id":"https:\/\/secure.gravatar.com\/avatar\/4a87a97e5b9a9bf3990cbbb28b0ef1578db6427bea1f4ab6f6f3dd4a90ab371c?s=96&d=mm&r=g","url":"https:\/\/secure.gravatar.com\/avatar\/4a87a97e5b9a9bf3990cbbb28b0ef1578db6427bea1f4ab6f6f3dd4a90ab371c?s=96&d=mm&r=g","contentUrl":"https:\/\/secure.gravatar.com\/avatar\/4a87a97e5b9a9bf3990cbbb28b0ef1578db6427bea1f4ab6f6f3dd4a90ab371c?s=96&d=mm&r=g","caption":"APIV"},"sameAs":["https:\/\/fondation-os.fr\/os-ouest\/APIV"],"url":"https:\/\/fondation-os.fr\/os-ouest\/APIV\/author\/apiv\/"}]}},"_links":{"self":[{"href":"https:\/\/fondation-os.fr\/os-ouest\/APIV\/wp-json\/wp\/v2\/posts\/893","targetHints":{"allow":["GET"]}}],"collection":[{"href":"https:\/\/fondation-os.fr\/os-ouest\/APIV\/wp-json\/wp\/v2\/posts"}],"about":[{"href":"https:\/\/fondation-os.fr\/os-ouest\/APIV\/wp-json\/wp\/v2\/types\/post"}],"author":[{"embeddable":true,"href":"https:\/\/fondation-os.fr\/os-ouest\/APIV\/wp-json\/wp\/v2\/users\/1"}],"replies":[{"embeddable":true,"href":"https:\/\/fondation-os.fr\/os-ouest\/APIV\/wp-json\/wp\/v2\/comments?post=893"}],"version-history":[{"count":2,"href":"https:\/\/fondation-os.fr\/os-ouest\/APIV\/wp-json\/wp\/v2\/posts\/893\/revisions"}],"predecessor-version":[{"id":896,"href":"https:\/\/fondation-os.fr\/os-ouest\/APIV\/wp-json\/wp\/v2\/posts\/893\/revisions\/896"}],"wp:featuredmedia":[{"embeddable":true,"href":"https:\/\/fondation-os.fr\/os-ouest\/APIV\/wp-json\/wp\/v2\/media\/894"}],"wp:attachment":[{"href":"https:\/\/fondation-os.fr\/os-ouest\/APIV\/wp-json\/wp\/v2\/media?parent=893"}],"wp:term":[{"taxonomy":"category","embeddable":true,"href":"https:\/\/fondation-os.fr\/os-ouest\/APIV\/wp-json\/wp\/v2\/categories?post=893"},{"taxonomy":"post_tag","embeddable":true,"href":"https:\/\/fondation-os.fr\/os-ouest\/APIV\/wp-json\/wp\/v2\/tags?post=893"},{"taxonomy":"post_folder","embeddable":true,"href":"https:\/\/fondation-os.fr\/os-ouest\/APIV\/wp-json\/wp\/v2\/post_folder?post=893"}],"curies":[{"name":"wp","href":"https:\/\/api.w.org\/{rel}","templated":true}]}}