{"id":5148,"date":"2024-04-21T21:16:34","date_gmt":"2024-04-21T19:16:34","guid":{"rendered":"https:\/\/parkinson35.fr\/?p=5148"},"modified":"2024-05-06T10:58:26","modified_gmt":"2024-05-06T08:58:26","slug":"journee-mondiale-2024-un-valide-pour-un-invalide","status":"publish","type":"post","link":"https:\/\/fondation-os.fr\/os-ouest\/APIV\/journee-mondiale-2024-un-valide-pour-un-invalide\/","title":{"rendered":"Journ\u00e9e mondiale 2024 : Un valide pour un invalide"},"content":{"rendered":"<p>[et_pb_section fb_built=\u00a0\u00bb1&Prime; _builder_version=\u00a0\u00bb4.24.2&Prime; _module_preset=\u00a0\u00bbdefault\u00a0\u00bb background_color=\u00a0\u00bb#FFF1FF\u00a0\u00bb global_colors_info=\u00a0\u00bb{}\u00a0\u00bb theme_builder_area=\u00a0\u00bbpost_content\u00a0\u00bb][et_pb_row _builder_version=\u00a0\u00bb4.24.2&Prime; _module_preset=\u00a0\u00bbdefault\u00a0\u00bb global_colors_info=\u00a0\u00bb{}\u00a0\u00bb theme_builder_area=\u00a0\u00bbpost_content\u00a0\u00bb][et_pb_column type=\u00a0\u00bb4_4&Prime; _builder_version=\u00a0\u00bb4.24.2&Prime; _module_preset=\u00a0\u00bbdefault\u00a0\u00bb global_colors_info=\u00a0\u00bb{}\u00a0\u00bb theme_builder_area=\u00a0\u00bbpost_content\u00a0\u00bb][et_pb_text _builder_version=\u00a0\u00bb4.24.2&Prime; _module_preset=\u00a0\u00bbdefault\u00a0\u00bb text_font=\u00a0\u00bb|600|||||||\u00a0\u00bb global_colors_info=\u00a0\u00bb{}\u00a0\u00bb theme_builder_area=\u00a0\u00bbpost_content\u00a0\u00bb]<\/p>\n<p>C\u2019\u00e9tait la derni\u00e8re journ\u00e9e mondiale de Parkinson pour Yves en tant que pr\u00e9sident. Mais cela n\u2019a pas alt\u00e9r\u00e9 son allant et sa bonne humeur\u00a0!<\/p>\n<p>C\u2019est par un temps cl\u00e9ment qu\u2019a eu lieu le dimanche 14 avril au matin la marche \u00ab Un valide pour un invalide \u00bb \u00e0 l\u2019initiative de Yves BOCCOU avec le concours actif du club de randonn\u00e9e vernois, pour la troisi\u00e8me ann\u00e9e cons\u00e9cutive.<\/p>\n<p>Les marcheurs se sont r\u00e9partis en trois groupes pour sillonner la vall\u00e9e de la Seiche.<\/p>\n<p>Cette ann\u00e9e, ils \u00e9taient une centaine \u00e0 parcourir les chemins qui garderont de beaux souvenirs, d\u2019amiti\u00e9 et de partage.<\/p>\n<p>Merci \u00e0 la mairie, aux \u00e9tablissements Leclerc, aux b\u00e9n\u00e9voles et adh\u00e9rents de l\u2019APIV pr\u00e9sents pour l\u2019\u00e9v\u00e9nement et \u00e0 Evelyne Couplet qui repr\u00e9sentait Graine de courage en l\u2019absence du pr\u00e9sident.<\/p>\n<p>Graine de courage et l\u2019APIV ne formeront plus avant l\u2019\u00e9t\u00e9 qu\u2019une seule entit\u00e9 sous l\u2019appellation \u00ab Graine de courage, Sourire pour Parkinson 35 \u00bb sous la pr\u00e9sidence de Ghislain Couplet.<\/p>\n<p>[\/et_pb_text][\/et_pb_column][\/et_pb_row][et_pb_row _builder_version=\u00a0\u00bb4.24.2&Prime; _module_preset=\u00a0\u00bbdefault\u00a0\u00bb global_colors_info=\u00a0\u00bb{}\u00a0\u00bb theme_builder_area=\u00a0\u00bbpost_content\u00a0\u00bb][et_pb_column type=\u00a0\u00bb4_4&Prime; _builder_version=\u00a0\u00bb4.24.2&Prime; _module_preset=\u00a0\u00bbdefault\u00a0\u00bb global_colors_info=\u00a0\u00bb{}\u00a0\u00bb theme_builder_area=\u00a0\u00bbpost_content\u00a0\u00bb][et_pb_gallery gallery_ids=\u00a0\u00bb5147,5146,5145,5144,5142,5143&Prime; dbdb_version=\u00a0\u00bb4.4.6&Prime; _builder_version=\u00a0\u00bb4.24.2&Prime; _module_preset=\u00a0\u00bbdefault\u00a0\u00bb hover_enabled=\u00a0\u00bb0&Prime; global_colors_info=\u00a0\u00bb{}\u00a0\u00bb theme_builder_area=\u00a0\u00bbpost_content\u00a0\u00bb fullwidth=\u00a0\u00bbon\u00a0\u00bb sticky_enabled=\u00a0\u00bb0&Prime;][\/et_pb_gallery][\/et_pb_column][\/et_pb_row][\/et_pb_section]<\/p>\n","protected":false},"excerpt":{"rendered":"<p>C\u2019\u00e9tait la derni\u00e8re journ\u00e9e mondiale de Parkinson pour Yves en tant que pr\u00e9sident. Mais cela n\u2019a pas alt\u00e9r\u00e9 son allant et sa bonne humeur\u00a0! C\u2019est par un temps cl\u00e9ment qu\u2019a [&hellip;]<\/p>\n","protected":false},"author":3,"featured_media":5146,"comment_status":"closed","ping_status":"open","sticky":false,"template":"","format":"standard","meta":{"_acf_changed":false,"_et_pb_use_builder":"on","_et_pb_old_content":"","_et_gb_content_width":"","footnotes":""},"categories":[27,5],"tags":[],"post_folder":[],"class_list":["post-5148","post","type-post","status-publish","format-standard","has-post-thumbnail","hentry","category-a-la-une","category-nos-actualites"],"acf":[],"yoast_head":"<!-- This site is optimized with the Yoast SEO plugin v27.4 - https:\/\/yoast.com\/product\/yoast-seo-wordpress\/ -->\n<title>Journ\u00e9e mondiale 2024 : Un valide pour un invalide - Graine de Courage, Sourire pour Parkinson<\/title>\n<meta name=\"robots\" content=\"index, follow, max-snippet:-1, max-image-preview:large, max-video-preview:-1\" \/>\n<link rel=\"canonical\" href=\"https:\/\/fondation-os.fr\/os-ouest\/APIV\/journee-mondiale-2024-un-valide-pour-un-invalide\/\" \/>\n<meta property=\"og:locale\" content=\"fr_FR\" \/>\n<meta property=\"og:type\" content=\"article\" \/>\n<meta property=\"og:title\" content=\"Journ\u00e9e mondiale 2024 : Un valide pour un invalide - Graine de Courage, Sourire pour Parkinson\" \/>\n<meta property=\"og:description\" content=\"C\u2019\u00e9tait la derni\u00e8re journ\u00e9e mondiale de Parkinson pour Yves en tant que pr\u00e9sident. Mais cela n\u2019a pas alt\u00e9r\u00e9 son allant et sa bonne humeur\u00a0! C\u2019est par un temps cl\u00e9ment qu\u2019a [&hellip;]\" \/>\n<meta property=\"og:url\" content=\"https:\/\/fondation-os.fr\/os-ouest\/APIV\/journee-mondiale-2024-un-valide-pour-un-invalide\/\" \/>\n<meta property=\"og:site_name\" content=\"Graine de Courage, Sourire pour Parkinson\" \/>\n<meta property=\"article:published_time\" content=\"2024-04-21T19:16:34+00:00\" \/>\n<meta property=\"article:modified_time\" content=\"2024-05-06T08:58:26+00:00\" \/>\n<meta property=\"og:image\" content=\"https:\/\/fondation-os.fr\/os-ouest\/APIV\/wp-content\/uploads\/2024\/04\/JMP-2024-5.jpg\" \/>\n\t<meta property=\"og:image:width\" content=\"828\" \/>\n\t<meta property=\"og:image:height\" content=\"607\" \/>\n\t<meta property=\"og:image:type\" content=\"image\/jpeg\" \/>\n<meta name=\"author\" content=\"Isabelle Marcille\" \/>\n<meta name=\"twitter:card\" content=\"summary_large_image\" \/>\n<meta name=\"twitter:label1\" content=\"\u00c9crit par\" \/>\n\t<meta name=\"twitter:data1\" content=\"Isabelle Marcille\" \/>\n\t<meta name=\"twitter:label2\" content=\"Dur\u00e9e de lecture estim\u00e9e\" \/>\n\t<meta name=\"twitter:data2\" content=\"2 minutes\" \/>\n<script type=\"application\/ld+json\" class=\"yoast-schema-graph\">{\"@context\":\"https:\\\/\\\/schema.org\",\"@graph\":[{\"@type\":\"Article\",\"@id\":\"https:\\\/\\\/fondation-os.fr\\\/os-ouest\\\/APIV\\\/journee-mondiale-2024-un-valide-pour-un-invalide\\\/#article\",\"isPartOf\":{\"@id\":\"https:\\\/\\\/fondation-os.fr\\\/os-ouest\\\/APIV\\\/journee-mondiale-2024-un-valide-pour-un-invalide\\\/\"},\"author\":{\"name\":\"Isabelle Marcille\",\"@id\":\"https:\\\/\\\/fondation-os.fr\\\/os-ouest\\\/APIV\\\/#\\\/schema\\\/person\\\/79d6b1463fdb246a2cfdc192ab47bafe\"},\"headline\":\"Journ\u00e9e mondiale 2024 : Un valide pour un invalide\",\"datePublished\":\"2024-04-21T19:16:34+00:00\",\"dateModified\":\"2024-05-06T08:58:26+00:00\",\"mainEntityOfPage\":{\"@id\":\"https:\\\/\\\/fondation-os.fr\\\/os-ouest\\\/APIV\\\/journee-mondiale-2024-un-valide-pour-un-invalide\\\/\"},\"wordCount\":343,\"publisher\":{\"@id\":\"https:\\\/\\\/fondation-os.fr\\\/os-ouest\\\/APIV\\\/#organization\"},\"image\":{\"@id\":\"https:\\\/\\\/fondation-os.fr\\\/os-ouest\\\/APIV\\\/journee-mondiale-2024-un-valide-pour-un-invalide\\\/#primaryimage\"},\"thumbnailUrl\":\"https:\\\/\\\/fondation-os.fr\\\/os-ouest\\\/APIV\\\/wp-content\\\/uploads\\\/2024\\\/04\\\/JMP-2024-5.jpg\",\"articleSection\":[\"\u00c0 la une\",\"Nos actualit\u00e9s\"],\"inLanguage\":\"fr-FR\"},{\"@type\":\"WebPage\",\"@id\":\"https:\\\/\\\/fondation-os.fr\\\/os-ouest\\\/APIV\\\/journee-mondiale-2024-un-valide-pour-un-invalide\\\/\",\"url\":\"https:\\\/\\\/fondation-os.fr\\\/os-ouest\\\/APIV\\\/journee-mondiale-2024-un-valide-pour-un-invalide\\\/\",\"name\":\"Journ\u00e9e mondiale 2024 : Un valide pour un invalide - Graine de Courage, Sourire pour Parkinson\",\"isPartOf\":{\"@id\":\"https:\\\/\\\/fondation-os.fr\\\/os-ouest\\\/APIV\\\/#website\"},\"primaryImageOfPage\":{\"@id\":\"https:\\\/\\\/fondation-os.fr\\\/os-ouest\\\/APIV\\\/journee-mondiale-2024-un-valide-pour-un-invalide\\\/#primaryimage\"},\"image\":{\"@id\":\"https:\\\/\\\/fondation-os.fr\\\/os-ouest\\\/APIV\\\/journee-mondiale-2024-un-valide-pour-un-invalide\\\/#primaryimage\"},\"thumbnailUrl\":\"https:\\\/\\\/fondation-os.fr\\\/os-ouest\\\/APIV\\\/wp-content\\\/uploads\\\/2024\\\/04\\\/JMP-2024-5.jpg\",\"datePublished\":\"2024-04-21T19:16:34+00:00\",\"dateModified\":\"2024-05-06T08:58:26+00:00\",\"breadcrumb\":{\"@id\":\"https:\\\/\\\/fondation-os.fr\\\/os-ouest\\\/APIV\\\/journee-mondiale-2024-un-valide-pour-un-invalide\\\/#breadcrumb\"},\"inLanguage\":\"fr-FR\",\"potentialAction\":[{\"@type\":\"ReadAction\",\"target\":[\"https:\\\/\\\/fondation-os.fr\\\/os-ouest\\\/APIV\\\/journee-mondiale-2024-un-valide-pour-un-invalide\\\/\"]}]},{\"@type\":\"ImageObject\",\"inLanguage\":\"fr-FR\",\"@id\":\"https:\\\/\\\/fondation-os.fr\\\/os-ouest\\\/APIV\\\/journee-mondiale-2024-un-valide-pour-un-invalide\\\/#primaryimage\",\"url\":\"https:\\\/\\\/fondation-os.fr\\\/os-ouest\\\/APIV\\\/wp-content\\\/uploads\\\/2024\\\/04\\\/JMP-2024-5.jpg\",\"contentUrl\":\"https:\\\/\\\/fondation-os.fr\\\/os-ouest\\\/APIV\\\/wp-content\\\/uploads\\\/2024\\\/04\\\/JMP-2024-5.jpg\",\"width\":828,\"height\":607},{\"@type\":\"BreadcrumbList\",\"@id\":\"https:\\\/\\\/fondation-os.fr\\\/os-ouest\\\/APIV\\\/journee-mondiale-2024-un-valide-pour-un-invalide\\\/#breadcrumb\",\"itemListElement\":[{\"@type\":\"ListItem\",\"position\":1,\"name\":\"Accueil\",\"item\":\"https:\\\/\\\/fondation-os.fr\\\/os-ouest\\\/APIV\\\/\"},{\"@type\":\"ListItem\",\"position\":2,\"name\":\"Journ\u00e9e mondiale 2024 : Un valide pour un invalide\"}]},{\"@type\":\"WebSite\",\"@id\":\"https:\\\/\\\/fondation-os.fr\\\/os-ouest\\\/APIV\\\/#website\",\"url\":\"https:\\\/\\\/fondation-os.fr\\\/os-ouest\\\/APIV\\\/\",\"name\":\"Graine de Courage, Sourire pour Parkinson\",\"description\":\"Graine de Courage, Sourire pour Parkinson\",\"publisher\":{\"@id\":\"https:\\\/\\\/fondation-os.fr\\\/os-ouest\\\/APIV\\\/#organization\"},\"potentialAction\":[{\"@type\":\"SearchAction\",\"target\":{\"@type\":\"EntryPoint\",\"urlTemplate\":\"https:\\\/\\\/fondation-os.fr\\\/os-ouest\\\/APIV\\\/?s={search_term_string}\"},\"query-input\":{\"@type\":\"PropertyValueSpecification\",\"valueRequired\":true,\"valueName\":\"search_term_string\"}}],\"inLanguage\":\"fr-FR\"},{\"@type\":\"Organization\",\"@id\":\"https:\\\/\\\/fondation-os.fr\\\/os-ouest\\\/APIV\\\/#organization\",\"name\":\"Graine de Courage, Sourire pour Parkinson\",\"url\":\"https:\\\/\\\/fondation-os.fr\\\/os-ouest\\\/APIV\\\/\",\"logo\":{\"@type\":\"ImageObject\",\"inLanguage\":\"fr-FR\",\"@id\":\"https:\\\/\\\/fondation-os.fr\\\/os-ouest\\\/APIV\\\/#\\\/schema\\\/logo\\\/image\\\/\",\"url\":\"https:\\\/\\\/fondation-os.fr\\\/os-ouest\\\/APIV\\\/wp-content\\\/uploads\\\/2022\\\/11\\\/Logo_APIV_Carre.png\",\"contentUrl\":\"https:\\\/\\\/fondation-os.fr\\\/os-ouest\\\/APIV\\\/wp-content\\\/uploads\\\/2022\\\/11\\\/Logo_APIV_Carre.png\",\"width\":285,\"height\":287,\"caption\":\"Graine de Courage, Sourire pour Parkinson\"},\"image\":{\"@id\":\"https:\\\/\\\/fondation-os.fr\\\/os-ouest\\\/APIV\\\/#\\\/schema\\\/logo\\\/image\\\/\"}},{\"@type\":\"Person\",\"@id\":\"https:\\\/\\\/fondation-os.fr\\\/os-ouest\\\/APIV\\\/#\\\/schema\\\/person\\\/79d6b1463fdb246a2cfdc192ab47bafe\",\"name\":\"Isabelle Marcille\",\"image\":{\"@type\":\"ImageObject\",\"inLanguage\":\"fr-FR\",\"@id\":\"https:\\\/\\\/secure.gravatar.com\\\/avatar\\\/be29481426f214941976f77be20ec3fc7cd821ce156e5a0089caac8e63bad472?s=96&d=mm&r=g\",\"url\":\"https:\\\/\\\/secure.gravatar.com\\\/avatar\\\/be29481426f214941976f77be20ec3fc7cd821ce156e5a0089caac8e63bad472?s=96&d=mm&r=g\",\"contentUrl\":\"https:\\\/\\\/secure.gravatar.com\\\/avatar\\\/be29481426f214941976f77be20ec3fc7cd821ce156e5a0089caac8e63bad472?s=96&d=mm&r=g\",\"caption\":\"Isabelle Marcille\"},\"url\":\"https:\\\/\\\/fondation-os.fr\\\/os-ouest\\\/APIV\\\/author\\\/isabelle-marcille\\\/\"}]}<\/script>\n<!-- \/ Yoast SEO plugin. -->","yoast_head_json":{"title":"Journ\u00e9e mondiale 2024 : Un valide pour un invalide - Graine de Courage, Sourire pour Parkinson","robots":{"index":"index","follow":"follow","max-snippet":"max-snippet:-1","max-image-preview":"max-image-preview:large","max-video-preview":"max-video-preview:-1"},"canonical":"https:\/\/fondation-os.fr\/os-ouest\/APIV\/journee-mondiale-2024-un-valide-pour-un-invalide\/","og_locale":"fr_FR","og_type":"article","og_title":"Journ\u00e9e mondiale 2024 : Un valide pour un invalide - Graine de Courage, Sourire pour Parkinson","og_description":"C\u2019\u00e9tait la derni\u00e8re journ\u00e9e mondiale de Parkinson pour Yves en tant que pr\u00e9sident. Mais cela n\u2019a pas alt\u00e9r\u00e9 son allant et sa bonne humeur\u00a0! C\u2019est par un temps cl\u00e9ment qu\u2019a [&hellip;]","og_url":"https:\/\/fondation-os.fr\/os-ouest\/APIV\/journee-mondiale-2024-un-valide-pour-un-invalide\/","og_site_name":"Graine de Courage, Sourire pour Parkinson","article_published_time":"2024-04-21T19:16:34+00:00","article_modified_time":"2024-05-06T08:58:26+00:00","og_image":[{"width":828,"height":607,"url":"https:\/\/fondation-os.fr\/os-ouest\/APIV\/wp-content\/uploads\/2024\/04\/JMP-2024-5.jpg","type":"image\/jpeg"}],"author":"Isabelle Marcille","twitter_card":"summary_large_image","twitter_misc":{"\u00c9crit par":"Isabelle Marcille","Dur\u00e9e de lecture estim\u00e9e":"2 minutes"},"schema":{"@context":"https:\/\/schema.org","@graph":[{"@type":"Article","@id":"https:\/\/fondation-os.fr\/os-ouest\/APIV\/journee-mondiale-2024-un-valide-pour-un-invalide\/#article","isPartOf":{"@id":"https:\/\/fondation-os.fr\/os-ouest\/APIV\/journee-mondiale-2024-un-valide-pour-un-invalide\/"},"author":{"name":"Isabelle Marcille","@id":"https:\/\/fondation-os.fr\/os-ouest\/APIV\/#\/schema\/person\/79d6b1463fdb246a2cfdc192ab47bafe"},"headline":"Journ\u00e9e mondiale 2024 : Un valide pour un invalide","datePublished":"2024-04-21T19:16:34+00:00","dateModified":"2024-05-06T08:58:26+00:00","mainEntityOfPage":{"@id":"https:\/\/fondation-os.fr\/os-ouest\/APIV\/journee-mondiale-2024-un-valide-pour-un-invalide\/"},"wordCount":343,"publisher":{"@id":"https:\/\/fondation-os.fr\/os-ouest\/APIV\/#organization"},"image":{"@id":"https:\/\/fondation-os.fr\/os-ouest\/APIV\/journee-mondiale-2024-un-valide-pour-un-invalide\/#primaryimage"},"thumbnailUrl":"https:\/\/fondation-os.fr\/os-ouest\/APIV\/wp-content\/uploads\/2024\/04\/JMP-2024-5.jpg","articleSection":["\u00c0 la une","Nos actualit\u00e9s"],"inLanguage":"fr-FR"},{"@type":"WebPage","@id":"https:\/\/fondation-os.fr\/os-ouest\/APIV\/journee-mondiale-2024-un-valide-pour-un-invalide\/","url":"https:\/\/fondation-os.fr\/os-ouest\/APIV\/journee-mondiale-2024-un-valide-pour-un-invalide\/","name":"Journ\u00e9e mondiale 2024 : Un valide pour un invalide - Graine de Courage, Sourire pour Parkinson","isPartOf":{"@id":"https:\/\/fondation-os.fr\/os-ouest\/APIV\/#website"},"primaryImageOfPage":{"@id":"https:\/\/fondation-os.fr\/os-ouest\/APIV\/journee-mondiale-2024-un-valide-pour-un-invalide\/#primaryimage"},"image":{"@id":"https:\/\/fondation-os.fr\/os-ouest\/APIV\/journee-mondiale-2024-un-valide-pour-un-invalide\/#primaryimage"},"thumbnailUrl":"https:\/\/fondation-os.fr\/os-ouest\/APIV\/wp-content\/uploads\/2024\/04\/JMP-2024-5.jpg","datePublished":"2024-04-21T19:16:34+00:00","dateModified":"2024-05-06T08:58:26+00:00","breadcrumb":{"@id":"https:\/\/fondation-os.fr\/os-ouest\/APIV\/journee-mondiale-2024-un-valide-pour-un-invalide\/#breadcrumb"},"inLanguage":"fr-FR","potentialAction":[{"@type":"ReadAction","target":["https:\/\/fondation-os.fr\/os-ouest\/APIV\/journee-mondiale-2024-un-valide-pour-un-invalide\/"]}]},{"@type":"ImageObject","inLanguage":"fr-FR","@id":"https:\/\/fondation-os.fr\/os-ouest\/APIV\/journee-mondiale-2024-un-valide-pour-un-invalide\/#primaryimage","url":"https:\/\/fondation-os.fr\/os-ouest\/APIV\/wp-content\/uploads\/2024\/04\/JMP-2024-5.jpg","contentUrl":"https:\/\/fondation-os.fr\/os-ouest\/APIV\/wp-content\/uploads\/2024\/04\/JMP-2024-5.jpg","width":828,"height":607},{"@type":"BreadcrumbList","@id":"https:\/\/fondation-os.fr\/os-ouest\/APIV\/journee-mondiale-2024-un-valide-pour-un-invalide\/#breadcrumb","itemListElement":[{"@type":"ListItem","position":1,"name":"Accueil","item":"https:\/\/fondation-os.fr\/os-ouest\/APIV\/"},{"@type":"ListItem","position":2,"name":"Journ\u00e9e mondiale 2024 : Un valide pour un invalide"}]},{"@type":"WebSite","@id":"https:\/\/fondation-os.fr\/os-ouest\/APIV\/#website","url":"https:\/\/fondation-os.fr\/os-ouest\/APIV\/","name":"Graine de Courage, Sourire pour Parkinson","description":"Graine de Courage, Sourire pour Parkinson","publisher":{"@id":"https:\/\/fondation-os.fr\/os-ouest\/APIV\/#organization"},"potentialAction":[{"@type":"SearchAction","target":{"@type":"EntryPoint","urlTemplate":"https:\/\/fondation-os.fr\/os-ouest\/APIV\/?s={search_term_string}"},"query-input":{"@type":"PropertyValueSpecification","valueRequired":true,"valueName":"search_term_string"}}],"inLanguage":"fr-FR"},{"@type":"Organization","@id":"https:\/\/fondation-os.fr\/os-ouest\/APIV\/#organization","name":"Graine de Courage, Sourire pour Parkinson","url":"https:\/\/fondation-os.fr\/os-ouest\/APIV\/","logo":{"@type":"ImageObject","inLanguage":"fr-FR","@id":"https:\/\/fondation-os.fr\/os-ouest\/APIV\/#\/schema\/logo\/image\/","url":"https:\/\/fondation-os.fr\/os-ouest\/APIV\/wp-content\/uploads\/2022\/11\/Logo_APIV_Carre.png","contentUrl":"https:\/\/fondation-os.fr\/os-ouest\/APIV\/wp-content\/uploads\/2022\/11\/Logo_APIV_Carre.png","width":285,"height":287,"caption":"Graine de Courage, Sourire pour Parkinson"},"image":{"@id":"https:\/\/fondation-os.fr\/os-ouest\/APIV\/#\/schema\/logo\/image\/"}},{"@type":"Person","@id":"https:\/\/fondation-os.fr\/os-ouest\/APIV\/#\/schema\/person\/79d6b1463fdb246a2cfdc192ab47bafe","name":"Isabelle Marcille","image":{"@type":"ImageObject","inLanguage":"fr-FR","@id":"https:\/\/secure.gravatar.com\/avatar\/be29481426f214941976f77be20ec3fc7cd821ce156e5a0089caac8e63bad472?s=96&d=mm&r=g","url":"https:\/\/secure.gravatar.com\/avatar\/be29481426f214941976f77be20ec3fc7cd821ce156e5a0089caac8e63bad472?s=96&d=mm&r=g","contentUrl":"https:\/\/secure.gravatar.com\/avatar\/be29481426f214941976f77be20ec3fc7cd821ce156e5a0089caac8e63bad472?s=96&d=mm&r=g","caption":"Isabelle Marcille"},"url":"https:\/\/fondation-os.fr\/os-ouest\/APIV\/author\/isabelle-marcille\/"}]}},"_links":{"self":[{"href":"https:\/\/fondation-os.fr\/os-ouest\/APIV\/wp-json\/wp\/v2\/posts\/5148","targetHints":{"allow":["GET"]}}],"collection":[{"href":"https:\/\/fondation-os.fr\/os-ouest\/APIV\/wp-json\/wp\/v2\/posts"}],"about":[{"href":"https:\/\/fondation-os.fr\/os-ouest\/APIV\/wp-json\/wp\/v2\/types\/post"}],"author":[{"embeddable":true,"href":"https:\/\/fondation-os.fr\/os-ouest\/APIV\/wp-json\/wp\/v2\/users\/3"}],"replies":[{"embeddable":true,"href":"https:\/\/fondation-os.fr\/os-ouest\/APIV\/wp-json\/wp\/v2\/comments?post=5148"}],"version-history":[{"count":15,"href":"https:\/\/fondation-os.fr\/os-ouest\/APIV\/wp-json\/wp\/v2\/posts\/5148\/revisions"}],"predecessor-version":[{"id":5261,"href":"https:\/\/fondation-os.fr\/os-ouest\/APIV\/wp-json\/wp\/v2\/posts\/5148\/revisions\/5261"}],"wp:featuredmedia":[{"embeddable":true,"href":"https:\/\/fondation-os.fr\/os-ouest\/APIV\/wp-json\/wp\/v2\/media\/5146"}],"wp:attachment":[{"href":"https:\/\/fondation-os.fr\/os-ouest\/APIV\/wp-json\/wp\/v2\/media?parent=5148"}],"wp:term":[{"taxonomy":"category","embeddable":true,"href":"https:\/\/fondation-os.fr\/os-ouest\/APIV\/wp-json\/wp\/v2\/categories?post=5148"},{"taxonomy":"post_tag","embeddable":true,"href":"https:\/\/fondation-os.fr\/os-ouest\/APIV\/wp-json\/wp\/v2\/tags?post=5148"},{"taxonomy":"post_folder","embeddable":true,"href":"https:\/\/fondation-os.fr\/os-ouest\/APIV\/wp-json\/wp\/v2\/post_folder?post=5148"}],"curies":[{"name":"wp","href":"https:\/\/api.w.org\/{rel}","templated":true}]}}