{"id":3917,"date":"2020-03-01T00:00:33","date_gmt":"2020-02-29T23:00:33","guid":{"rendered":"https:\/\/parkinson35.fr\/?p=3917"},"modified":"2023-05-11T15:30:19","modified_gmt":"2023-05-11T13:30:19","slug":"feuille-de-liaison-mars-2020-n-42","status":"publish","type":"post","link":"https:\/\/fondation-os.fr\/os-ouest\/APIV\/feuille-de-liaison-mars-2020-n-42\/","title":{"rendered":"Feuille de liaison \u2013 Mars 2020 &#8211; N\u00b0 42"},"content":{"rendered":"<p>[et_pb_section fb_built=\u00a0\u00bb1&Prime; _builder_version=\u00a0\u00bb4.19.0&Prime; _module_preset=\u00a0\u00bbdefault\u00a0\u00bb background_color=\u00a0\u00bbRGBA(255,255,255,0)\u00a0\u00bb global_colors_info=\u00a0\u00bb{}\u00a0\u00bb theme_builder_area=\u00a0\u00bbet_body_layout\u00a0\u00bb][et_pb_row _builder_version=\u00a0\u00bb4.19.0&Prime; _module_preset=\u00a0\u00bbdefault\u00a0\u00bb background_color=\u00a0\u00bbRGBA(255,255,255,0)\u00a0\u00bb width=\u00a0\u00bb100%\u00a0\u00bb custom_margin=\u00a0\u00bb-40px||||false|false\u00a0\u00bb global_colors_info=\u00a0\u00bb{}\u00a0\u00bb theme_builder_area=\u00a0\u00bbet_body_layout\u00a0\u00bb][et_pb_column type=\u00a0\u00bb4_4&Prime; _builder_version=\u00a0\u00bb4.18.1&Prime; _module_preset=\u00a0\u00bbdefault\u00a0\u00bb global_colors_info=\u00a0\u00bb{}\u00a0\u00bb theme_builder_area=\u00a0\u00bbet_body_layout\u00a0\u00bb][et_pb_text _builder_version=\u00a0\u00bb4.21.0&Prime; _module_preset=\u00a0\u00bbdefault\u00a0\u00bb background_color=\u00a0\u00bb#FFFFFF\u00a0\u00bb custom_margin=\u00a0\u00bb||||true|false\u00a0\u00bb custom_padding=\u00a0\u00bb15px|20px|15px|20px|true|true\u00a0\u00bb hover_enabled=\u00a0\u00bb0&Prime; border_radii=\u00a0\u00bbon|20px|20px|20px|20px\u00a0\u00bb border_width_all=\u00a0\u00bb4px\u00a0\u00bb border_color_all=\u00a0\u00bb#EF568E\u00a0\u00bb box_shadow_style=\u00a0\u00bbpreset2&Prime; box_shadow_horizontal=\u00a0\u00bb20px\u00a0\u00bb global_colors_info=\u00a0\u00bb{}\u00a0\u00bb theme_builder_area=\u00a0\u00bbet_body_layout\u00a0\u00bb sticky_enabled=\u00a0\u00bb0&Prime;]<\/p>\n<p><strong>Le mot du pr\u00e9sident<img loading=\"lazy\" decoding=\"async\" src=\"https:\/\/fondation-os.fr\/os-ouest\/APIV\/wp-content\/uploads\/2023\/02\/Yves-Boccou_recent-scaled-e1678366970387-225x300.jpg\" alt=\"\" class=\"wp-image-2058 alignnone size-medium\" style=\"float: right; padding: 0.5em; max-width: 50%;\" width=\"225\" height=\"300\" \/><\/strong><\/p>\n<p>Bonjour \u00e0 toutes et \u00e0 tous,<\/p>\n<p>LE B\u00c9N\u00c9VOLAT. Chacun s\u2019accorde \u00e0 dire que le b\u00e9n\u00e9volat est un marqueur puissant de coh\u00e9sion sociale, marqueur qui renforce la solidarit\u00e9.<\/p>\n<p>En parall\u00e8le nous assistons \u00e0 la crise du b\u00e9n\u00e9volat qui se traduit par un comportement de consommateur au lieu de celui d\u2019acteur.<\/p>\n<p>Nos associations sont particuli\u00e8rement touch\u00e9es par cette crise du b\u00e9n\u00e9volat d\u2019autant que nos adh\u00e9rents sont porteurs d\u2019une maladie neurologique et handicapante. Afin de lutter contre la diminution du b\u00e9n\u00e9volat, nos politiques ont cherch\u00e9 des solutions.<\/p>\n<p>L\u2019\u00c9tat devait reconnaitre la valeur du b\u00e9n\u00e9volat, encourager le partenariat avec des associations du b\u00e9n\u00e9volat, faciliter l\u2019acc\u00e8s \u00e0 des financements, et aussi mettre en place un plan V pour valoriser, valider et garantir la visibilit\u00e9 des b\u00e9n\u00e9voles.Vous l\u2019avez compris , tout cela n\u2019est en fait que des mots amen\u00e9s \u00e0 s\u2019\u00e9chapper en fum\u00e9e.<\/p>\n<p>Pour lutter efficacement contre cette crise du b\u00e9n\u00e9volat nous devons \u00ab jouer local \u00bb \u00e0 notre rythme Il faut consid\u00e9rer que le recrutement d\u2019un b\u00e9n\u00e9vole s\u2019effectue dans notre milieu familial certes mais surtout amical et de voisinage. Notre association recrute.<\/p>\n<p>Et c\u2019est en appliquant de vieilles recettes qu\u2019elle obtiendra des bons r\u00e9sultats.<\/p>\n<p>&nbsp;<\/p>\n<p><strong>Yves BOCCOU, Pr\u00e9sident<\/strong><\/p>\n<p>[\/et_pb_text][\/et_pb_column][\/et_pb_row][\/et_pb_section]<\/p>\n","protected":false},"excerpt":{"rendered":"<p>Le mot du pr\u00e9sident<\/p>\n<p>LE B\u00c9N\u00c9VOLAT<br \/>\nChacun s\u2019accorde \u00e0 dire que le b\u00e9n\u00e9volat est un marqueur puissant de coh\u00e9sion sociale, marqueur qui renforce la solidarit\u00e9. En parall\u00e8le nous assistons \u00e0 la crise du b\u00e9n\u00e9volat qui se traduit par un comportement de consommateur au lieu de celui d\u2019acteur. Nos associations sont particuli\u00e8rement touch\u00e9es par cette crise du b\u00e9n\u00e9volat d\u2019autant que nos adh\u00e9rents sont porteurs d\u2019une maladie neurologique et handicapante. [&#8230;]<\/p>\n","protected":false},"author":3,"featured_media":3918,"comment_status":"closed","ping_status":"open","sticky":false,"template":"","format":"standard","meta":{"_acf_changed":false,"_et_pb_use_builder":"on","_et_pb_old_content":"","_et_gb_content_width":"","footnotes":""},"categories":[9],"tags":[],"post_folder":[18],"class_list":["post-3917","post","type-post","status-publish","format-standard","has-post-thumbnail","hentry","category-echos-du-park"],"acf":[],"yoast_head":"<!-- This site is optimized with the Yoast SEO plugin v27.4 - https:\/\/yoast.com\/product\/yoast-seo-wordpress\/ -->\n<title>Feuille de liaison \u2013 Mars 2020 - N\u00b0 42 - Graine de Courage, Sourire pour Parkinson<\/title>\n<meta name=\"robots\" content=\"index, follow, max-snippet:-1, max-image-preview:large, max-video-preview:-1\" \/>\n<link rel=\"canonical\" href=\"https:\/\/fondation-os.fr\/os-ouest\/APIV\/feuille-de-liaison-mars-2020-n-42\/\" \/>\n<meta property=\"og:locale\" content=\"fr_FR\" \/>\n<meta property=\"og:type\" content=\"article\" \/>\n<meta property=\"og:title\" content=\"Feuille de liaison \u2013 Mars 2020 - N\u00b0 42 - Graine de Courage, Sourire pour Parkinson\" \/>\n<meta property=\"og:description\" content=\"Le mot du pr\u00e9sident LE B\u00c9N\u00c9VOLAT Chacun s\u2019accorde \u00e0 dire que le b\u00e9n\u00e9volat est un marqueur puissant de coh\u00e9sion sociale, marqueur qui renforce la solidarit\u00e9. En parall\u00e8le nous assistons \u00e0 la crise du b\u00e9n\u00e9volat qui se traduit par un comportement de consommateur au lieu de celui d\u2019acteur. Nos associations sont particuli\u00e8rement touch\u00e9es par cette crise du b\u00e9n\u00e9volat d\u2019autant que nos adh\u00e9rents sont porteurs d\u2019une maladie neurologique et handicapante. [...]\" \/>\n<meta property=\"og:url\" content=\"https:\/\/fondation-os.fr\/os-ouest\/APIV\/feuille-de-liaison-mars-2020-n-42\/\" \/>\n<meta property=\"og:site_name\" content=\"Graine de Courage, Sourire pour Parkinson\" \/>\n<meta property=\"article:published_time\" content=\"2020-02-29T23:00:33+00:00\" \/>\n<meta property=\"article:modified_time\" content=\"2023-05-11T13:30:19+00:00\" \/>\n<meta property=\"og:image\" content=\"https:\/\/fondation-os.fr\/os-ouest\/APIV\/wp-content\/uploads\/2023\/05\/Image_EdP_042.jpg\" \/>\n\t<meta property=\"og:image:width\" content=\"473\" \/>\n\t<meta property=\"og:image:height\" content=\"255\" \/>\n\t<meta property=\"og:image:type\" content=\"image\/jpeg\" \/>\n<meta name=\"author\" content=\"Isabelle Marcille\" \/>\n<meta name=\"twitter:card\" content=\"summary_large_image\" \/>\n<meta name=\"twitter:label1\" content=\"\u00c9crit par\" \/>\n\t<meta name=\"twitter:data1\" content=\"Isabelle Marcille\" \/>\n<script type=\"application\/ld+json\" class=\"yoast-schema-graph\">{\"@context\":\"https:\\\/\\\/schema.org\",\"@graph\":[{\"@type\":\"Article\",\"@id\":\"https:\\\/\\\/fondation-os.fr\\\/os-ouest\\\/APIV\\\/feuille-de-liaison-mars-2020-n-42\\\/#article\",\"isPartOf\":{\"@id\":\"https:\\\/\\\/fondation-os.fr\\\/os-ouest\\\/APIV\\\/feuille-de-liaison-mars-2020-n-42\\\/\"},\"author\":{\"name\":\"Isabelle Marcille\",\"@id\":\"https:\\\/\\\/fondation-os.fr\\\/os-ouest\\\/APIV\\\/#\\\/schema\\\/person\\\/79d6b1463fdb246a2cfdc192ab47bafe\"},\"headline\":\"Feuille de liaison \u2013 Mars 2020 &#8211; N\u00b0 42\",\"datePublished\":\"2020-02-29T23:00:33+00:00\",\"dateModified\":\"2023-05-11T13:30:19+00:00\",\"mainEntityOfPage\":{\"@id\":\"https:\\\/\\\/fondation-os.fr\\\/os-ouest\\\/APIV\\\/feuille-de-liaison-mars-2020-n-42\\\/\"},\"wordCount\":378,\"publisher\":{\"@id\":\"https:\\\/\\\/fondation-os.fr\\\/os-ouest\\\/APIV\\\/#organization\"},\"image\":{\"@id\":\"https:\\\/\\\/fondation-os.fr\\\/os-ouest\\\/APIV\\\/feuille-de-liaison-mars-2020-n-42\\\/#primaryimage\"},\"thumbnailUrl\":\"https:\\\/\\\/fondation-os.fr\\\/os-ouest\\\/APIV\\\/wp-content\\\/uploads\\\/2023\\\/05\\\/Image_EdP_042.jpg\",\"articleSection\":[\"\u00c9chos du Park\"],\"inLanguage\":\"fr-FR\"},{\"@type\":\"WebPage\",\"@id\":\"https:\\\/\\\/fondation-os.fr\\\/os-ouest\\\/APIV\\\/feuille-de-liaison-mars-2020-n-42\\\/\",\"url\":\"https:\\\/\\\/fondation-os.fr\\\/os-ouest\\\/APIV\\\/feuille-de-liaison-mars-2020-n-42\\\/\",\"name\":\"Feuille de liaison \u2013 Mars 2020 - N\u00b0 42 - Graine de Courage, Sourire pour Parkinson\",\"isPartOf\":{\"@id\":\"https:\\\/\\\/fondation-os.fr\\\/os-ouest\\\/APIV\\\/#website\"},\"primaryImageOfPage\":{\"@id\":\"https:\\\/\\\/fondation-os.fr\\\/os-ouest\\\/APIV\\\/feuille-de-liaison-mars-2020-n-42\\\/#primaryimage\"},\"image\":{\"@id\":\"https:\\\/\\\/fondation-os.fr\\\/os-ouest\\\/APIV\\\/feuille-de-liaison-mars-2020-n-42\\\/#primaryimage\"},\"thumbnailUrl\":\"https:\\\/\\\/fondation-os.fr\\\/os-ouest\\\/APIV\\\/wp-content\\\/uploads\\\/2023\\\/05\\\/Image_EdP_042.jpg\",\"datePublished\":\"2020-02-29T23:00:33+00:00\",\"dateModified\":\"2023-05-11T13:30:19+00:00\",\"breadcrumb\":{\"@id\":\"https:\\\/\\\/fondation-os.fr\\\/os-ouest\\\/APIV\\\/feuille-de-liaison-mars-2020-n-42\\\/#breadcrumb\"},\"inLanguage\":\"fr-FR\",\"potentialAction\":[{\"@type\":\"ReadAction\",\"target\":[\"https:\\\/\\\/fondation-os.fr\\\/os-ouest\\\/APIV\\\/feuille-de-liaison-mars-2020-n-42\\\/\"]}]},{\"@type\":\"ImageObject\",\"inLanguage\":\"fr-FR\",\"@id\":\"https:\\\/\\\/fondation-os.fr\\\/os-ouest\\\/APIV\\\/feuille-de-liaison-mars-2020-n-42\\\/#primaryimage\",\"url\":\"https:\\\/\\\/fondation-os.fr\\\/os-ouest\\\/APIV\\\/wp-content\\\/uploads\\\/2023\\\/05\\\/Image_EdP_042.jpg\",\"contentUrl\":\"https:\\\/\\\/fondation-os.fr\\\/os-ouest\\\/APIV\\\/wp-content\\\/uploads\\\/2023\\\/05\\\/Image_EdP_042.jpg\",\"width\":473,\"height\":255},{\"@type\":\"BreadcrumbList\",\"@id\":\"https:\\\/\\\/fondation-os.fr\\\/os-ouest\\\/APIV\\\/feuille-de-liaison-mars-2020-n-42\\\/#breadcrumb\",\"itemListElement\":[{\"@type\":\"ListItem\",\"position\":1,\"name\":\"Accueil\",\"item\":\"https:\\\/\\\/fondation-os.fr\\\/os-ouest\\\/APIV\\\/\"},{\"@type\":\"ListItem\",\"position\":2,\"name\":\"Feuille de liaison \u2013 Mars 2020 &#8211; N\u00b0 42\"}]},{\"@type\":\"WebSite\",\"@id\":\"https:\\\/\\\/fondation-os.fr\\\/os-ouest\\\/APIV\\\/#website\",\"url\":\"https:\\\/\\\/fondation-os.fr\\\/os-ouest\\\/APIV\\\/\",\"name\":\"Graine de Courage, Sourire pour Parkinson\",\"description\":\"Graine de Courage, Sourire pour Parkinson\",\"publisher\":{\"@id\":\"https:\\\/\\\/fondation-os.fr\\\/os-ouest\\\/APIV\\\/#organization\"},\"potentialAction\":[{\"@type\":\"SearchAction\",\"target\":{\"@type\":\"EntryPoint\",\"urlTemplate\":\"https:\\\/\\\/fondation-os.fr\\\/os-ouest\\\/APIV\\\/?s={search_term_string}\"},\"query-input\":{\"@type\":\"PropertyValueSpecification\",\"valueRequired\":true,\"valueName\":\"search_term_string\"}}],\"inLanguage\":\"fr-FR\"},{\"@type\":\"Organization\",\"@id\":\"https:\\\/\\\/fondation-os.fr\\\/os-ouest\\\/APIV\\\/#organization\",\"name\":\"Graine de Courage, Sourire pour Parkinson\",\"url\":\"https:\\\/\\\/fondation-os.fr\\\/os-ouest\\\/APIV\\\/\",\"logo\":{\"@type\":\"ImageObject\",\"inLanguage\":\"fr-FR\",\"@id\":\"https:\\\/\\\/fondation-os.fr\\\/os-ouest\\\/APIV\\\/#\\\/schema\\\/logo\\\/image\\\/\",\"url\":\"https:\\\/\\\/fondation-os.fr\\\/os-ouest\\\/APIV\\\/wp-content\\\/uploads\\\/2022\\\/11\\\/Logo_APIV_Carre.png\",\"contentUrl\":\"https:\\\/\\\/fondation-os.fr\\\/os-ouest\\\/APIV\\\/wp-content\\\/uploads\\\/2022\\\/11\\\/Logo_APIV_Carre.png\",\"width\":285,\"height\":287,\"caption\":\"Graine de Courage, Sourire pour Parkinson\"},\"image\":{\"@id\":\"https:\\\/\\\/fondation-os.fr\\\/os-ouest\\\/APIV\\\/#\\\/schema\\\/logo\\\/image\\\/\"}},{\"@type\":\"Person\",\"@id\":\"https:\\\/\\\/fondation-os.fr\\\/os-ouest\\\/APIV\\\/#\\\/schema\\\/person\\\/79d6b1463fdb246a2cfdc192ab47bafe\",\"name\":\"Isabelle Marcille\",\"image\":{\"@type\":\"ImageObject\",\"inLanguage\":\"fr-FR\",\"@id\":\"https:\\\/\\\/secure.gravatar.com\\\/avatar\\\/be29481426f214941976f77be20ec3fc7cd821ce156e5a0089caac8e63bad472?s=96&d=mm&r=g\",\"url\":\"https:\\\/\\\/secure.gravatar.com\\\/avatar\\\/be29481426f214941976f77be20ec3fc7cd821ce156e5a0089caac8e63bad472?s=96&d=mm&r=g\",\"contentUrl\":\"https:\\\/\\\/secure.gravatar.com\\\/avatar\\\/be29481426f214941976f77be20ec3fc7cd821ce156e5a0089caac8e63bad472?s=96&d=mm&r=g\",\"caption\":\"Isabelle Marcille\"},\"url\":\"https:\\\/\\\/fondation-os.fr\\\/os-ouest\\\/APIV\\\/author\\\/isabelle-marcille\\\/\"}]}<\/script>\n<!-- \/ Yoast SEO plugin. -->","yoast_head_json":{"title":"Feuille de liaison \u2013 Mars 2020 - N\u00b0 42 - Graine de Courage, Sourire pour Parkinson","robots":{"index":"index","follow":"follow","max-snippet":"max-snippet:-1","max-image-preview":"max-image-preview:large","max-video-preview":"max-video-preview:-1"},"canonical":"https:\/\/fondation-os.fr\/os-ouest\/APIV\/feuille-de-liaison-mars-2020-n-42\/","og_locale":"fr_FR","og_type":"article","og_title":"Feuille de liaison \u2013 Mars 2020 - N\u00b0 42 - Graine de Courage, Sourire pour Parkinson","og_description":"Le mot du pr\u00e9sident LE B\u00c9N\u00c9VOLAT Chacun s\u2019accorde \u00e0 dire que le b\u00e9n\u00e9volat est un marqueur puissant de coh\u00e9sion sociale, marqueur qui renforce la solidarit\u00e9. En parall\u00e8le nous assistons \u00e0 la crise du b\u00e9n\u00e9volat qui se traduit par un comportement de consommateur au lieu de celui d\u2019acteur. Nos associations sont particuli\u00e8rement touch\u00e9es par cette crise du b\u00e9n\u00e9volat d\u2019autant que nos adh\u00e9rents sont porteurs d\u2019une maladie neurologique et handicapante. [...]","og_url":"https:\/\/fondation-os.fr\/os-ouest\/APIV\/feuille-de-liaison-mars-2020-n-42\/","og_site_name":"Graine de Courage, Sourire pour Parkinson","article_published_time":"2020-02-29T23:00:33+00:00","article_modified_time":"2023-05-11T13:30:19+00:00","og_image":[{"width":473,"height":255,"url":"https:\/\/fondation-os.fr\/os-ouest\/APIV\/wp-content\/uploads\/2023\/05\/Image_EdP_042.jpg","type":"image\/jpeg"}],"author":"Isabelle Marcille","twitter_card":"summary_large_image","twitter_misc":{"\u00c9crit par":"Isabelle Marcille"},"schema":{"@context":"https:\/\/schema.org","@graph":[{"@type":"Article","@id":"https:\/\/fondation-os.fr\/os-ouest\/APIV\/feuille-de-liaison-mars-2020-n-42\/#article","isPartOf":{"@id":"https:\/\/fondation-os.fr\/os-ouest\/APIV\/feuille-de-liaison-mars-2020-n-42\/"},"author":{"name":"Isabelle Marcille","@id":"https:\/\/fondation-os.fr\/os-ouest\/APIV\/#\/schema\/person\/79d6b1463fdb246a2cfdc192ab47bafe"},"headline":"Feuille de liaison \u2013 Mars 2020 &#8211; N\u00b0 42","datePublished":"2020-02-29T23:00:33+00:00","dateModified":"2023-05-11T13:30:19+00:00","mainEntityOfPage":{"@id":"https:\/\/fondation-os.fr\/os-ouest\/APIV\/feuille-de-liaison-mars-2020-n-42\/"},"wordCount":378,"publisher":{"@id":"https:\/\/fondation-os.fr\/os-ouest\/APIV\/#organization"},"image":{"@id":"https:\/\/fondation-os.fr\/os-ouest\/APIV\/feuille-de-liaison-mars-2020-n-42\/#primaryimage"},"thumbnailUrl":"https:\/\/fondation-os.fr\/os-ouest\/APIV\/wp-content\/uploads\/2023\/05\/Image_EdP_042.jpg","articleSection":["\u00c9chos du Park"],"inLanguage":"fr-FR"},{"@type":"WebPage","@id":"https:\/\/fondation-os.fr\/os-ouest\/APIV\/feuille-de-liaison-mars-2020-n-42\/","url":"https:\/\/fondation-os.fr\/os-ouest\/APIV\/feuille-de-liaison-mars-2020-n-42\/","name":"Feuille de liaison \u2013 Mars 2020 - N\u00b0 42 - Graine de Courage, Sourire pour Parkinson","isPartOf":{"@id":"https:\/\/fondation-os.fr\/os-ouest\/APIV\/#website"},"primaryImageOfPage":{"@id":"https:\/\/fondation-os.fr\/os-ouest\/APIV\/feuille-de-liaison-mars-2020-n-42\/#primaryimage"},"image":{"@id":"https:\/\/fondation-os.fr\/os-ouest\/APIV\/feuille-de-liaison-mars-2020-n-42\/#primaryimage"},"thumbnailUrl":"https:\/\/fondation-os.fr\/os-ouest\/APIV\/wp-content\/uploads\/2023\/05\/Image_EdP_042.jpg","datePublished":"2020-02-29T23:00:33+00:00","dateModified":"2023-05-11T13:30:19+00:00","breadcrumb":{"@id":"https:\/\/fondation-os.fr\/os-ouest\/APIV\/feuille-de-liaison-mars-2020-n-42\/#breadcrumb"},"inLanguage":"fr-FR","potentialAction":[{"@type":"ReadAction","target":["https:\/\/fondation-os.fr\/os-ouest\/APIV\/feuille-de-liaison-mars-2020-n-42\/"]}]},{"@type":"ImageObject","inLanguage":"fr-FR","@id":"https:\/\/fondation-os.fr\/os-ouest\/APIV\/feuille-de-liaison-mars-2020-n-42\/#primaryimage","url":"https:\/\/fondation-os.fr\/os-ouest\/APIV\/wp-content\/uploads\/2023\/05\/Image_EdP_042.jpg","contentUrl":"https:\/\/fondation-os.fr\/os-ouest\/APIV\/wp-content\/uploads\/2023\/05\/Image_EdP_042.jpg","width":473,"height":255},{"@type":"BreadcrumbList","@id":"https:\/\/fondation-os.fr\/os-ouest\/APIV\/feuille-de-liaison-mars-2020-n-42\/#breadcrumb","itemListElement":[{"@type":"ListItem","position":1,"name":"Accueil","item":"https:\/\/fondation-os.fr\/os-ouest\/APIV\/"},{"@type":"ListItem","position":2,"name":"Feuille de liaison \u2013 Mars 2020 &#8211; N\u00b0 42"}]},{"@type":"WebSite","@id":"https:\/\/fondation-os.fr\/os-ouest\/APIV\/#website","url":"https:\/\/fondation-os.fr\/os-ouest\/APIV\/","name":"Graine de Courage, Sourire pour Parkinson","description":"Graine de Courage, Sourire pour Parkinson","publisher":{"@id":"https:\/\/fondation-os.fr\/os-ouest\/APIV\/#organization"},"potentialAction":[{"@type":"SearchAction","target":{"@type":"EntryPoint","urlTemplate":"https:\/\/fondation-os.fr\/os-ouest\/APIV\/?s={search_term_string}"},"query-input":{"@type":"PropertyValueSpecification","valueRequired":true,"valueName":"search_term_string"}}],"inLanguage":"fr-FR"},{"@type":"Organization","@id":"https:\/\/fondation-os.fr\/os-ouest\/APIV\/#organization","name":"Graine de Courage, Sourire pour Parkinson","url":"https:\/\/fondation-os.fr\/os-ouest\/APIV\/","logo":{"@type":"ImageObject","inLanguage":"fr-FR","@id":"https:\/\/fondation-os.fr\/os-ouest\/APIV\/#\/schema\/logo\/image\/","url":"https:\/\/fondation-os.fr\/os-ouest\/APIV\/wp-content\/uploads\/2022\/11\/Logo_APIV_Carre.png","contentUrl":"https:\/\/fondation-os.fr\/os-ouest\/APIV\/wp-content\/uploads\/2022\/11\/Logo_APIV_Carre.png","width":285,"height":287,"caption":"Graine de Courage, Sourire pour Parkinson"},"image":{"@id":"https:\/\/fondation-os.fr\/os-ouest\/APIV\/#\/schema\/logo\/image\/"}},{"@type":"Person","@id":"https:\/\/fondation-os.fr\/os-ouest\/APIV\/#\/schema\/person\/79d6b1463fdb246a2cfdc192ab47bafe","name":"Isabelle Marcille","image":{"@type":"ImageObject","inLanguage":"fr-FR","@id":"https:\/\/secure.gravatar.com\/avatar\/be29481426f214941976f77be20ec3fc7cd821ce156e5a0089caac8e63bad472?s=96&d=mm&r=g","url":"https:\/\/secure.gravatar.com\/avatar\/be29481426f214941976f77be20ec3fc7cd821ce156e5a0089caac8e63bad472?s=96&d=mm&r=g","contentUrl":"https:\/\/secure.gravatar.com\/avatar\/be29481426f214941976f77be20ec3fc7cd821ce156e5a0089caac8e63bad472?s=96&d=mm&r=g","caption":"Isabelle Marcille"},"url":"https:\/\/fondation-os.fr\/os-ouest\/APIV\/author\/isabelle-marcille\/"}]}},"_links":{"self":[{"href":"https:\/\/fondation-os.fr\/os-ouest\/APIV\/wp-json\/wp\/v2\/posts\/3917","targetHints":{"allow":["GET"]}}],"collection":[{"href":"https:\/\/fondation-os.fr\/os-ouest\/APIV\/wp-json\/wp\/v2\/posts"}],"about":[{"href":"https:\/\/fondation-os.fr\/os-ouest\/APIV\/wp-json\/wp\/v2\/types\/post"}],"author":[{"embeddable":true,"href":"https:\/\/fondation-os.fr\/os-ouest\/APIV\/wp-json\/wp\/v2\/users\/3"}],"replies":[{"embeddable":true,"href":"https:\/\/fondation-os.fr\/os-ouest\/APIV\/wp-json\/wp\/v2\/comments?post=3917"}],"version-history":[{"count":4,"href":"https:\/\/fondation-os.fr\/os-ouest\/APIV\/wp-json\/wp\/v2\/posts\/3917\/revisions"}],"predecessor-version":[{"id":3924,"href":"https:\/\/fondation-os.fr\/os-ouest\/APIV\/wp-json\/wp\/v2\/posts\/3917\/revisions\/3924"}],"wp:featuredmedia":[{"embeddable":true,"href":"https:\/\/fondation-os.fr\/os-ouest\/APIV\/wp-json\/wp\/v2\/media\/3918"}],"wp:attachment":[{"href":"https:\/\/fondation-os.fr\/os-ouest\/APIV\/wp-json\/wp\/v2\/media?parent=3917"}],"wp:term":[{"taxonomy":"category","embeddable":true,"href":"https:\/\/fondation-os.fr\/os-ouest\/APIV\/wp-json\/wp\/v2\/categories?post=3917"},{"taxonomy":"post_tag","embeddable":true,"href":"https:\/\/fondation-os.fr\/os-ouest\/APIV\/wp-json\/wp\/v2\/tags?post=3917"},{"taxonomy":"post_folder","embeddable":true,"href":"https:\/\/fondation-os.fr\/os-ouest\/APIV\/wp-json\/wp\/v2\/post_folder?post=3917"}],"curies":[{"name":"wp","href":"https:\/\/api.w.org\/{rel}","templated":true}]}}